[{"@context":"https:\/\/schema.org\/","@type":"Article","@id":"https:\/\/www.stesol.cz\/vune-a-laska-patri-k-sobe\/#Article","mainEntityOfPage":"https:\/\/www.stesol.cz\/vune-a-laska-patri-k-sobe\/","headline":"V\u016fn\u011b a l\u00e1ska pat\u0159\u00ed k sob\u011b","name":"V\u016fn\u011b a l\u00e1ska pat\u0159\u00ed k sob\u011b","description":"Nostalgick\u00e9 vzpom\u00ednky na v\u00e1no\u010dn\u00ed sv\u00e1tky, kdy p\u0159edev\u0161\u00edm domov von\u00ed vanilkou, h\u0159eb\u00ed\u010dkem, sko\u0159ic\u00ed, bady\u00e1nem, v\u0161e spojen\u00e9 s\u00a0pohodou a usm\u011bvavou maminkou nebo babi\u010dkou. Tak tyto vzpom\u00ednky m\u00e1me v\u00a0hlav\u011b zafixov\u00e1ny snad natrvalo a &hellip; ","datePublished":"2019-01-14","dateModified":"2023-04-29","author":{"@type":"Person","@id":"https:\/\/www.stesol.cz\/author\/#Person","name":"","url":"https:\/\/www.stesol.cz\/author\/","identifier":1,"image":{"@type":"ImageObject","@id":"https:\/\/secure.gravatar.com\/avatar\/1aa4d33840e2afc29128e2a456d425ca0d17b173c888af2db652b1d34fe6f93d?s=96&d=mm&r=g","url":"https:\/\/secure.gravatar.com\/avatar\/1aa4d33840e2afc29128e2a456d425ca0d17b173c888af2db652b1d34fe6f93d?s=96&d=mm&r=g","height":96,"width":96}},"publisher":{"@type":"Organization","name":"stesol.cz","logo":{"@type":"ImageObject","@id":"\/logo.png","url":"\/logo.png","width":600,"height":60}},"image":{"@type":"ImageObject","@id":"https:\/\/www.stesol.cz\/wp-content\/uploads\/img_a335113_w2525_t1548532182.jpg","url":"https:\/\/www.stesol.cz\/wp-content\/uploads\/img_a335113_w2525_t1548532182.jpg","height":0,"width":0},"url":"https:\/\/www.stesol.cz\/vune-a-laska-patri-k-sobe\/","about":["N\u00e1kupy"],"wordCount":430,"articleBody":"\tNostalgick\u00e9 vzpom\u00ednky na v\u00e1no\u010dn\u00ed sv\u00e1tky, kdy p\u0159edev\u0161\u00edm domov von\u00ed vanilkou, h\u0159eb\u00ed\u010dkem, sko\u0159ic\u00ed, bady\u00e1nem, v\u0161e spojen\u00e9 s\u00a0pohodou a usm\u011bvavou maminkou nebo babi\u010dkou. Tak tyto vzpom\u00ednky m\u00e1me v\u00a0hlav\u011b zafixov\u00e1ny snad natrvalo a tak to pravd\u011bpodobn\u011b bude i s\u00a0na\u0161imi d\u011btmi.\tVanilkov\u00e9 rohl\u00ed\u010dky, u\u017e jen p\u0159i jejich vysloven\u00ed v\u00edte, s\u00a0jakou atmosf\u00e9rou jsou spojen\u00e9. A t\u00fdk\u00e1 se to snad v\u0161ech t\u011bch sladkost\u00ed, zmrzlin a n\u00e1poj\u016f, kde se pou\u017e\u00edv\u00e1 prav\u00e1 vanilka. Hospody\u0148ky a kucha\u0159inky, mo\u017en\u00e1 v\u00e1m p\u0159ijde vhod, n\u011bco m\u00e1lo se o prav\u00e9 vanilce dozv\u011bd\u011bt.\tSnad ka\u017ed\u00fd, kdo n\u011bco vlastnoru\u010dn\u011b vytvo\u0159\u00ed a t\u00fdk\u00e1 se to i pe\u010den\u00ed a va\u0159en\u00ed. Pokud se mu to poda\u0159\u00ed tak, \u017ee m\u00e1 on s\u00e1m z\u00a0toho radost. Kdy\u017e to ocen\u00ed i jeho bl\u00edzc\u00ed, rodina, p\u0159\u00e1tel\u00e9, tak to pot\u011b\u0161\u00ed n\u011bkolikan\u00e1sobn\u011b. A to se m\u016f\u017ee t\u00fdkat i upe\u010den\u00ed b\u00e1je\u010dn\u00fdch vo\u0148av\u00fdch vanilkov\u00fdch rohl\u00ed\u010dk\u016f s\u00a0pravou vanilkou.\tV\u00edte, \u017ee toto ko\u0159en\u00ed je spojen\u00e9 s\u00a0l\u00e1skou, proto\u017ee vanilka pat\u0159\u00ed mezi afrodiziaka, kter\u00e9 dok\u00e1\u017ee na\u0161i mysl nejenom povzbudit ale i pos\u00edl\u00ed na\u0161e t\u011blo.\tZaj\u00edmaly jste se n\u011bkdy, odkud se k\u00a0n\u00e1m dov\u00e1\u017eej\u00ed vanilkov\u00e9 tobolky (lidov\u011b \u0159e\u010deno \u2013 vanilkov\u00e9 lusky)? Zem\u011b p\u016fvodu je ji\u017en\u00ed Mexiko, kde ji p\u011bstovali star\u00e9 indi\u00e1nsk\u00e9 kmeny Totanako. Tato li\u00e1nov\u00e1 orchidej, kter\u00e1 se jmenuje Vanilla planifolia nebo Vanilla pompona se\u00a0p\u011bstuje u\u017e dlouho na plant\u00e1\u017e\u00edch, nejv\u00edce v\u00a0Madagaskaru. Pop\u00ednav\u00e9 rostliny se pnou okolo ty\u010d\u00ed a kv\u011bty t\u00e9to orchideje se mus\u00ed ru\u010dn\u011b opilovat, proto\u017ee na t\u011bchto plant\u00e1\u017e\u00edch nejsou p\u0159irozen\u00e9 opylova\u010de, jako v\u00a0zemi p\u016fvodu. Kdy\u017e dozr\u00e1vaj\u00ed jej\u00ed plody \u2013 vanilkov\u00e9 tobolky, tak se mus\u00ed postupn\u011b ru\u010dn\u011b sb\u00edrat. N\u00e1sledn\u00e9 se tyto vanilkov\u00e9 tobolky kr\u00e1tce spa\u0159\u00ed a hned su\u0161\u00ed na slunci.\tDobr\u00e1 hospody\u0148ka, kter\u00e1 pe\u010de s\u00a0l\u00e1skou, nemus\u00ed litovat pen\u011bz, za kter\u00e9 si nakoup\u00ed prav\u00e9 vanilkov\u00e9 tobolky. Proto\u017ee v\u00ed, \u017ee tak jej\u00ed pe\u010den\u00ed a va\u0159en\u00ed s\u00a0pravou vanilkou ocen\u00ed ka\u017ed\u00fd mlsn\u00fd jazyk.\u00a0 \tMnoz\u00ed z\u00a0n\u00e1s kupuj\u00ed cukr s\u00a0n\u00e1hra\u017ekou vanilky \u2013 vanil\u00ednem nebo jin\u00fdm chemick\u00fdm ochucovadlem. Pokud mezi n\u011b pat\u0159\u00edte \u2013 zkuste to zm\u011bnit a kupte si pravou vanilku. Vyplat\u00ed se v\u00e1m to.                                                                                                                                                                                                                                                                                                                                                                                        5\/5 - (5 votes)        "},{"@context":"https:\/\/schema.org\/","@type":"BreadcrumbList","itemListElement":[{"@type":"ListItem","position":1,"name":"V\u016fn\u011b a l\u00e1ska pat\u0159\u00ed k sob\u011b","item":"https:\/\/www.stesol.cz\/vune-a-laska-patri-k-sobe\/#breadcrumbitem"}]}]