[{"@context":"https:\/\/schema.org\/","@type":"Article","@id":"https:\/\/www.stesol.cz\/v-lete-se-treba-se-pripravit-na-zimu\/#Article","mainEntityOfPage":"https:\/\/www.stesol.cz\/v-lete-se-treba-se-pripravit-na-zimu\/","headline":"V l\u00e9t\u011b se t\u0159eba se p\u0159ipravit na zimu","name":"V l\u00e9t\u011b se t\u0159eba se p\u0159ipravit na zimu","description":"Snad ka\u017ed\u00fd zn\u00e1 to na\u0161e \u010desk\u00e9 r\u010den\u00ed: \u201ePo\u010dkej, a\u017e se ti zima zept\u00e1, co jsi d\u011blal v l\u00e9t\u011b.\u201c Tak n\u011bco na tom pravdy p\u0159ece jenom je. Kdy\u017e je p\u011bkn\u00e9 po\u010das\u00ed, &hellip; ","datePublished":"2020-07-12","dateModified":"2023-04-29","author":{"@type":"Person","@id":"https:\/\/www.stesol.cz\/author\/#Person","name":"","url":"https:\/\/www.stesol.cz\/author\/","identifier":1,"image":{"@type":"ImageObject","@id":"https:\/\/secure.gravatar.com\/avatar\/1aa4d33840e2afc29128e2a456d425ca0d17b173c888af2db652b1d34fe6f93d?s=96&d=mm&r=g","url":"https:\/\/secure.gravatar.com\/avatar\/1aa4d33840e2afc29128e2a456d425ca0d17b173c888af2db652b1d34fe6f93d?s=96&d=mm&r=g","height":96,"width":96}},"publisher":{"@type":"Organization","name":"stesol.cz","logo":{"@type":"ImageObject","@id":"\/logo.png","url":"\/logo.png","width":600,"height":60}},"image":{"@type":"ImageObject","@id":"https:\/\/www.stesol.cz\/wp-content\/uploads\/novoro%C4%8Denka.jpg","url":"https:\/\/www.stesol.cz\/wp-content\/uploads\/novoro%C4%8Denka.jpg","height":0,"width":0},"url":"https:\/\/www.stesol.cz\/v-lete-se-treba-se-pripravit-na-zimu\/","about":["N\u00e1kupy"],"wordCount":433,"articleBody":"      Snad ka\u017ed\u00fd zn\u00e1 to na\u0161e \u010desk\u00e9 r\u010den\u00ed: \u201ePo\u010dkej, a\u017e se ti zima zept\u00e1, co jsi d\u011blal v l\u00e9t\u011b.\u201c Tak n\u011bco na tom pravdy p\u0159ece jenom je. Kdy\u017e je p\u011bkn\u00e9 po\u010das\u00ed, tak se p\u0159ipravuje d\u0159evo na topen\u00ed, kter\u00e9 v zim\u011b jako kdy\u017e nalezneme. Zava\u0159uj\u00ed se suroviny, abychom v zim\u011b m\u011bli dostate\u010dn\u00e9 mno\u017estv\u00ed vitam\u00edn\u016f a nemuseli utr\u00e1cet za dovozov\u00e9 potraviny, kter\u00e9 jsou je\u0161t\u011b bez chuti. Zkr\u00e1tka co jde v l\u00e9t\u011b a na sklonku podzimu ud\u011blat, tak se sna\u017e\u00edme v\u0161e d\u016fkladn\u011b zpracovat. A dokonce na seznam m\u016f\u017eeme p\u0159ipsat je\u0161t\u011b jednu v\u011bc, kterou m\u016f\u017eeme pot\u00e9 v klidu domova vymyslet. Jedn\u00e1 se o p\u0159\u00e1n\u00ed, kter\u00e9 se pos\u00edl\u00e1 jako pod\u011bkov\u00e1n\u00ed za cel\u00fd rok a do nov\u00e9ho roku se vyj\u00e1d\u0159\u00ed jen to nejlep\u0161\u00ed. Ano jedn\u00e1 se o novoro\u010denky, kter\u00e9 maj\u00ed r\u016fznou podobu a z\u00e1le\u017e\u00ed jen na tom, kdo je bude pos\u00edlat.Pro\u010d zrovna pos\u00edlat novoro\u010denku?V prvn\u00ed \u0159ad\u011b se to bude t\u00fdkat sp\u00ed\u0161e firem, ne\u017e jednotlivc\u016f, a\u010dkoliv i ti mohou vybrat kr\u00e1sn\u00e9 novoro\u010dn\u00ed p\u0159\u00e1n\u00ed https:\/\/www.goldpress.cz\/produkty\/novorocni-prani\/ a poslat ho sv\u00fdm nejbli\u017e\u0161\u00edm.D\u00e1 se \u0159\u00edci, \u017ee je v\u017edycky mil\u00e9, kdy\u017e si na n\u00e1s n\u011bkdo vzpomene a tak i pod\u011bkov\u00e1n\u00ed na p\u0159\u00e1n\u00ed skute\u010dn\u011b pot\u011b\u0161\u00ed.A samoz\u0159ejm\u011b chceme, aby zam\u011bstnanci, kolegov\u00e9 \u010di partne\u0159i a kamar\u00e1di n\u00e1m zachovali p\u0159\u00edze\u0148, tak t\u00edmto se vyj\u00e1d\u0159\u00ed i to, \u017ee jsou pro n\u00e1s draz\u00ed a jsme v podstat\u011b r\u00e1di, \u017ee m\u016f\u017eeme spolu pracovat nebo podnikat spole\u010dn\u00e9 v\u011bci.D\u016fvod\u016f m\u016f\u017ee b\u00fdt samoz\u0159ejm\u011b daleko v\u00edce, ale d\u00edky tomu, \u017ee v\u0161e se d\u00e1 objednat a doplnit elektronickou cestou, tak nemus\u00edme nikam chv\u00e1tat a vybrat si v klidu p\u011bkn\u00fd motiv z pohodl\u00ed sv\u00e9ho domova. Bu\u010f pouze s n\u00e1dechem zimn\u00ed krajiny nebo duchem v\u00e1no\u010dn\u00edch ozdob \u010di jin\u00e9 t\u00e9matiky. M\u00e1me \u010das si rozmyslet vhodn\u00fd text a kolik kus\u016f bychom asi tak pot\u0159ebovali. Nicm\u00e9n\u011b zbo\u017e\u00ed n\u00e1m p\u0159ijde dom\u016f na uvedenou adresu, tud\u00ed\u017e nen\u00ed pot\u0159eba se ob\u00e1vat, \u017ee se to t\u0159eba do konce roku nestihne nebo snad, \u017ee to budeme za\u0159izovat a vyb\u011bh\u00e1vat n\u011bkde na posledn\u00ed chv\u00edli. I v tomto p\u0159\u00edpadu se d\u00e1 na zimu p\u0159ipravit s p\u0159edstihem.                                                                                                                                                                                                                                                                                                                                                                                           4.4\/5 - (7 votes)        "},{"@context":"https:\/\/schema.org\/","@type":"BreadcrumbList","itemListElement":[{"@type":"ListItem","position":1,"name":"V l\u00e9t\u011b se t\u0159eba se p\u0159ipravit na zimu","item":"https:\/\/www.stesol.cz\/v-lete-se-treba-se-pripravit-na-zimu\/#breadcrumbitem"}]}]