[{"@context":"https:\/\/schema.org\/","@type":"Article","@id":"https:\/\/www.stesol.cz\/poridte-si-do-sve-pracovni-mistnosti-ten-nejlepsi-kancelarsky-nabytek-sedus\/#Article","mainEntityOfPage":"https:\/\/www.stesol.cz\/poridte-si-do-sve-pracovni-mistnosti-ten-nejlepsi-kancelarsky-nabytek-sedus\/","headline":"Po\u0159i\u010fte si do sv\u00e9 pracovn\u00ed m\u00edstnosti ten nejlep\u0161\u00ed kancel\u00e1\u0159sk\u00fd n\u00e1bytek sedus","name":"Po\u0159i\u010fte si do sv\u00e9 pracovn\u00ed m\u00edstnosti ten nejlep\u0161\u00ed kancel\u00e1\u0159sk\u00fd n\u00e1bytek sedus","description":"Hled\u00e1te po nejr\u016fzn\u011bj\u0161\u00edch nab\u00eddk\u00e1ch takov\u00e9 \u017eidle, stoly a dal\u0161\u00ed sortiment, kter\u00fd pot\u0159ebujete ve sv\u00fdch pracovn\u00edch prostorech nahradit za ten star\u00fd a ji\u017e nemodern\u00ed? Pak se ur\u010dit\u011b jako spousta dnes ji\u017e &hellip; ","datePublished":"2024-01-04","dateModified":"2024-01-04","author":{"@type":"Person","@id":"https:\/\/www.stesol.cz\/author\/#Person","name":"","url":"https:\/\/www.stesol.cz\/author\/","identifier":1,"image":{"@type":"ImageObject","@id":"https:\/\/secure.gravatar.com\/avatar\/1aa4d33840e2afc29128e2a456d425ca0d17b173c888af2db652b1d34fe6f93d?s=96&d=mm&r=g","url":"https:\/\/secure.gravatar.com\/avatar\/1aa4d33840e2afc29128e2a456d425ca0d17b173c888af2db652b1d34fe6f93d?s=96&d=mm&r=g","height":96,"width":96}},"publisher":{"@type":"Organization","name":"stesol.cz","logo":{"@type":"ImageObject","@id":"\/logo.png","url":"\/logo.png","width":600,"height":60}},"url":"https:\/\/www.stesol.cz\/poridte-si-do-sve-pracovni-mistnosti-ten-nejlepsi-kancelarsky-nabytek-sedus\/","wordCount":211,"articleBody":"Hled\u00e1te po nejr\u016fzn\u011bj\u0161\u00edch nab\u00eddk\u00e1ch takov\u00e9 \u017eidle, stoly a dal\u0161\u00ed sortiment, kter\u00fd pot\u0159ebujete ve sv\u00fdch pracovn\u00edch prostorech nahradit za ten star\u00fd a ji\u017e nemodern\u00ed? Pak se ur\u010dit\u011b jako spousta dnes ji\u017e spokojen\u00fdch klient\u016f obra\u0165te na tu nejobs\u00e1hlej\u0161\u00ed nab\u00eddku, kter\u00e1 v\u00e1m p\u0159in\u00e1\u0161\u00ed jak sortiment konferen\u010dn\u00ed, sortiment pro to nejp\u0159\u00edjemn\u011bj\u0161\u00ed sezen\u00ed, tak ale i mnoho dal\u0161\u00edho, ze kter\u00e9ho si ur\u010dit\u011b ten prav\u00fd do va\u0161ich pracovn\u00edch prostor vyberete.\u00a0\tVyu\u017eijte i vy t\u00e9 nejobs\u00e1hlej\u0161\u00ed nab\u00eddky praktick\u00e9ho sortimentuV\u00a0posledn\u00ed dob\u011b v\u00e1s \u010d\u00edm d\u00e1l t\u00edm v\u00edce bol\u00ed z\u00e1da? Zjistili jste, \u017ee je to hlavn\u011b t\u00edm, \u017ee cel\u00fd den sed\u00edte ve sv\u00e9m zam\u011bstn\u00e1n\u00ed na opravdu nepohodln\u00e9 \u017eidli? Zva\u017eujete proto, \u017ee byste si zakoupili n\u011bjakou novou a daleko pohodln\u011bj\u0161\u00ed? Pak si ji po\u0159i\u010fte na takov\u00e9m m\u00edst\u011b, kde ji z\u00edsk\u00e1te jen s\u00a0t\u011bmi nejlep\u0161\u00edmi parametry, ale hlavn\u011b za velice n\u00edzkou cenu. Pokud ale nap\u0159\u00edklad sh\u00e1n\u00edte i dal\u0161\u00ed kancel\u00e1\u0159sk\u00fd n\u00e1bytek sedus, pak si ur\u010dit\u011b pro n\u00e1kup zvolte tu nejobs\u00e1hlej\u0161\u00ed nab\u00eddku.                                                                                                                                                                                                                                                                                                                                                                                        4.6\/5 - (12 votes)        "},{"@context":"https:\/\/schema.org\/","@type":"BreadcrumbList","itemListElement":[{"@type":"ListItem","position":1,"name":"Po\u0159i\u010fte si do sv\u00e9 pracovn\u00ed m\u00edstnosti ten nejlep\u0161\u00ed kancel\u00e1\u0159sk\u00fd n\u00e1bytek sedus","item":"https:\/\/www.stesol.cz\/poridte-si-do-sve-pracovni-mistnosti-ten-nejlepsi-kancelarsky-nabytek-sedus\/#breadcrumbitem"}]}]