[{"@context":"https:\/\/schema.org\/","@type":"Article","@id":"https:\/\/www.stesol.cz\/pevny-kontejner\/#Article","mainEntityOfPage":"https:\/\/www.stesol.cz\/pevny-kontejner\/","headline":"Pevn\u00fd kontejner","name":"Pevn\u00fd kontejner","description":"N\u011bkdy je pot\u0159eba, aby byly n\u011bkter\u00e9 v\u00fdrobky tak skladovateln\u00e9, aby se t\u0159eba ve\u0161ly tam, kam maj\u00ed. Na\u0161t\u011bst\u00ed jsou tady ale tak\u00e9 r\u016fzn\u00e9 pomocn\u00e9 v\u011bci a prost\u0159edky, kam pr\u00e1v\u011b m\u016f\u017eete ukl\u00e1dat &hellip; ","datePublished":"2023-08-27","dateModified":"2023-10-02","author":{"@type":"Person","@id":"https:\/\/www.stesol.cz\/author\/#Person","name":"","url":"https:\/\/www.stesol.cz\/author\/","identifier":1,"image":{"@type":"ImageObject","@id":"https:\/\/secure.gravatar.com\/avatar\/1aa4d33840e2afc29128e2a456d425ca0d17b173c888af2db652b1d34fe6f93d?s=96&d=mm&r=g","url":"https:\/\/secure.gravatar.com\/avatar\/1aa4d33840e2afc29128e2a456d425ca0d17b173c888af2db652b1d34fe6f93d?s=96&d=mm&r=g","height":96,"width":96}},"publisher":{"@type":"Organization","name":"stesol.cz","logo":{"@type":"ImageObject","@id":"\/logo.png","url":"\/logo.png","width":600,"height":60}},"image":{"@type":"ImageObject","@id":"https:\/\/www.stesol.cz\/wp-content\/uploads\/storage-warehouse-1553550_1280_1.jpg","url":"https:\/\/www.stesol.cz\/wp-content\/uploads\/storage-warehouse-1553550_1280_1.jpg","height":0,"width":0},"url":"https:\/\/www.stesol.cz\/pevny-kontejner\/","about":["Podnik\u00e1n\u00ed"],"wordCount":424,"articleBody":"      N\u011bkdy je pot\u0159eba, aby byly n\u011bkter\u00e9 v\u00fdrobky tak skladovateln\u00e9, aby se t\u0159eba ve\u0161ly tam, kam maj\u00ed. Na\u0161t\u011bst\u00ed jsou tady ale tak\u00e9 r\u016fzn\u00e9 pomocn\u00e9 v\u011bci a prost\u0159edky, kam pr\u00e1v\u011b m\u016f\u017eete ukl\u00e1dat v\u011bci, kter\u00e9 pot\u0159ebujete n\u011bkam ulo\u017eit a nebo tak\u00e9 p\u0159ev\u00e1\u017eet. Proto jsou tady firmy, kter\u00e9 vyr\u00e1b\u00ed pr\u00e1v\u011b nap\u0159\u00edklad plastov\u00e9 kontejnery a nebo dal\u0161\u00ed p\u0159epravky \u010di palety, kter\u00e9 m\u016f\u017eete vyu\u017e\u00edt, kdy\u017e t\u0159eba m\u00e1te v pr\u00e1ci skladov\u00e1n\u00ed https:\/\/answers.microsoft.com\/cs-cz\/windows\/forum\/windows_10-files\/ukl%25C3%25A1d%25C3%25A1n%25C3%25AD-soubor%25C5%25AF\/7bffc9af-e2aa-4238-a69f-4e33fe9e5299  a mus\u00edte n\u011bkam n\u011bco odkl\u00e1dat, Proto jsem si \u0159ekla, \u017ee by opravdu nebylo od v\u011bci, kdyby ka\u017ed\u00fd \u010dlov\u011bk si v\u017edycky dop\u0159edu n\u011bco zjistil o tom, co a jak bude vlastn\u011b skladovat. A tak\u00e9 si mus\u00ed uv\u011bdomit, \u017ee tak\u00e9 existuj\u00ed r\u016fzn\u00e9 zp\u016fsoby a postupy, jak kter\u00e9 zbo\u017e\u00ed \u010dlov\u011bk m\u016f\u017ee skladovat. Je logick\u00e9, \u017ee t\u0159eba maso nem\u016f\u017eete skladovat takov\u00fdm zp\u016fsobem, jako nap\u0159\u00edklad jablka nebo zeleninu a nebo t\u0159eba pe\u010divo. V\u0161echno m\u00e1 sv\u00e9 specifick\u00e9 v\u011bci a vy to mus\u00edte dodr\u017eovat.Proto\u017ee pokud nebudete dodr\u017eovat n\u011bkter\u00e9 v\u011bci p\u0159i skladov\u00e1n\u00ed, tak tak\u00e9 potom m\u016f\u017ee v\u00e1s \u010dekat opravdu nemil\u00e9 p\u0159ekvapen\u00ed, kdy\u017e si potom pro ty skladovan\u00e9 v\u011bci p\u0159ijdete. A proto si dbejte hlavn\u011b na to, aby va\u0161e plastov\u00e9 kontejnery, kam pr\u00e1v\u011b budete d\u00e1vat sv\u00e9 v\u011bci, tak, aby hlavn\u011b byly \u010dist\u00e9 a tak\u00e9 potom pe\u010dliv\u011b uzam\u010den\u00e9. Vzpom\u00edn\u00e1m si, kdy\u017e m\u016fj partner pr\u00e1v\u011b pracoval pro firmu, kde pou\u017e\u00edv\u00e1 tak\u00e9 plastov\u00e9 kontejnery.On tam m\u011bl ukl\u00e1dat zbo\u017e\u00ed. Jednalo se o drogistick\u00e9 zbo\u017e\u00ed, kter\u00e9 m\u011bl p\u0159ev\u00e1\u017eet do plastov\u00e9 kontejnery. Jenom\u017ee on bohu\u017eel jeden plastov\u00fd kontejner zapomn\u011bl zamknout. Logicky samoz\u0159ejm\u011b r\u00e1no u\u017e tam nebylo \u017e\u00e1dn\u00e9 zbo\u017e\u00ed. Nicm\u00e9n\u011b plastov\u00fd kontejner za to nem\u016f\u017ee, proto\u017ee je od firmy, kter\u00e1 je stoprocentn\u011b spolehliv\u00e1 a plastov\u00e9 kontejnery od t\u00e9to firmy byly opravdu na jedni\u010dku a bylo vysok\u00e9 kvality a na vysok\u00e9 \u00farovni. Tak jsem si \u0159ekla, \u017ee bohu\u017eel za tohle mohl partner, proto\u017ee tyto plastov\u00e9 kontejnery jsou velice tak popul\u00e1rn\u00ed a tak velice \u017e\u00e1dan\u00e9, \u017ee opravdu nemaj\u00ed \u017e\u00e1dnou chybu.                                                                                                                                                                                                                                                                                                                                                                                           4.5\/5 - (8 votes)        "},{"@context":"https:\/\/schema.org\/","@type":"BreadcrumbList","itemListElement":[{"@type":"ListItem","position":1,"name":"Pevn\u00fd kontejner","item":"https:\/\/www.stesol.cz\/pevny-kontejner\/#breadcrumbitem"}]}]