[{"@context":"https:\/\/schema.org\/","@type":"Article","@id":"https:\/\/www.stesol.cz\/kvalitni-pronajem-obchodnich-prostor-praha\/#Article","mainEntityOfPage":"https:\/\/www.stesol.cz\/kvalitni-pronajem-obchodnich-prostor-praha\/","headline":"Kvalitn\u00ed pron\u00e1jem obchodn\u00edch prostor praha","name":"Kvalitn\u00ed pron\u00e1jem obchodn\u00edch prostor praha","description":"\u00a0 Rozhodli jste se, \u017ee byste si r\u00e1di zalo\u017eili n\u011bjak\u00fd obchod? M\u00e1 b\u00fdt s oble\u010den\u00edm, s hra\u010dkami, pap\u00edrnictv\u00ed nebo snad s potravinami? Chcete si ho otev\u0159\u00edt v Praze? Hled\u00e1te n\u011bjak\u00e9 &hellip; ","datePublished":"2024-03-31","dateModified":"2024-03-31","author":{"@type":"Person","@id":"https:\/\/www.stesol.cz\/author\/#Person","name":"","url":"https:\/\/www.stesol.cz\/author\/","identifier":1,"image":{"@type":"ImageObject","@id":"https:\/\/secure.gravatar.com\/avatar\/1aa4d33840e2afc29128e2a456d425ca0d17b173c888af2db652b1d34fe6f93d?s=96&d=mm&r=g","url":"https:\/\/secure.gravatar.com\/avatar\/1aa4d33840e2afc29128e2a456d425ca0d17b173c888af2db652b1d34fe6f93d?s=96&d=mm&r=g","height":96,"width":96}},"publisher":{"@type":"Organization","name":"stesol.cz","logo":{"@type":"ImageObject","@id":"\/logo.png","url":"\/logo.png","width":600,"height":60}},"url":"https:\/\/www.stesol.cz\/kvalitni-pronajem-obchodnich-prostor-praha\/","wordCount":220,"articleBody":"\t\u00a0\tRozhodli jste se, \u017ee byste si r\u00e1di zalo\u017eili n\u011bjak\u00fd obchod? M\u00e1 b\u00fdt s oble\u010den\u00edm, s hra\u010dkami, pap\u00edrnictv\u00ed nebo snad s potravinami? Chcete si ho otev\u0159\u00edt v Praze? Hled\u00e1te n\u011bjak\u00e9 obchodn\u00ed prostory, kde by se v\u00e1\u0161 obch\u016fdek m\u011bl nal\u00e9zat? Na\u0161e spole\u010dnost je schopna v\u00e1m nab\u00eddnout opravdu v\u00fdhodn\u011b pron\u00e1jem obchodn\u00edch prostor praha! Uvid\u00edte, \u017ee se v\u00e1m na\u0161e \u0161irok\u00e1 nab\u00eddka obchodn\u00edch prostor bude l\u00edbit a zaru\u010den\u011b si u n\u00e1s vyberte ten prav\u00fd prostor k pron\u00e1jmu. Nab\u00edz\u00edme pron\u00e1jem obchodn\u00edch prostor praha, ale samoz\u0159ejm\u011b i ostatn\u00ed m\u011bsta! Sta\u010d\u00ed si jen vybrat!\tP\u0159ehledn\u00e9 str\u00e1nky pln\u00e9 pron\u00e1jm\u016f nemovitost\u00ed\tNa\u0161e internetov\u00e9 str\u00e1nky jsou opravdu p\u0159ehledn\u00e9 a systematicky uspo\u0159\u00e1dan\u00e9, tak aby se na nich vyznal a orientoval opravdu kdokoliv. Nev\u00e1hejte tedy a p\u0159ij\u010fte si tak\u00e9 vybrat v\u00e1\u0161 b\u00e1je\u010dn\u00fd pron\u00e1jem obchodn\u00edch prostor praha nebo jakoukoliv jinou nemovitost k pron\u00e1jmu. Krom\u011b obchodn\u00edch prostor v\u00e1m nab\u00edz\u00edme i byty, pokoje, kancel\u00e1\u0159e a dal\u0161\u00ed nemovitosti, kter\u00e9 si u n\u00e1s m\u017eete nal\u00e9zt a pot\u00e9 pronajmout za opravdu b\u00e1je\u010dn\u00e9 a v\u00fdhodn\u00e9 ceny!                                                                                                                                                                                                                                                                                                                                                                                        4.8\/5 - (13 votes)        "},{"@context":"https:\/\/schema.org\/","@type":"BreadcrumbList","itemListElement":[{"@type":"ListItem","position":1,"name":"Kvalitn\u00ed pron\u00e1jem obchodn\u00edch prostor praha","item":"https:\/\/www.stesol.cz\/kvalitni-pronajem-obchodnich-prostor-praha\/#breadcrumbitem"}]}]