[{"@context":"https:\/\/schema.org\/","@type":"Article","@id":"https:\/\/www.stesol.cz\/jak-vybrat-pro-sebe-tu-spravnou-kabelku\/#Article","mainEntityOfPage":"https:\/\/www.stesol.cz\/jak-vybrat-pro-sebe-tu-spravnou-kabelku\/","headline":"Jak vybrat pro sebe tu spr\u00e1vnou kabelku","name":"Jak vybrat pro sebe tu spr\u00e1vnou kabelku","description":"Kabelky nos\u00ed ka\u017ed\u00e1 z n\u00e1s velmi r\u00e1da Dopl\u0148ky k na\u0161emu outfitu neodmysliteln\u011b pat\u0159\u00ed u\u017e od jak\u017eiva. Dod\u00e1vaj\u00ed n\u00e1m tu spr\u00e1vnou image a spole\u010dn\u011b s na\u0161im outfitem dotv\u00e1\u0159ej\u00ed n\u00e1\u0161 styl a &hellip; ","datePublished":"2021-09-26","dateModified":"2023-04-29","author":{"@type":"Person","@id":"https:\/\/www.stesol.cz\/author\/#Person","name":"","url":"https:\/\/www.stesol.cz\/author\/","identifier":1,"image":{"@type":"ImageObject","@id":"https:\/\/secure.gravatar.com\/avatar\/1aa4d33840e2afc29128e2a456d425ca0d17b173c888af2db652b1d34fe6f93d?s=96&d=mm&r=g","url":"https:\/\/secure.gravatar.com\/avatar\/1aa4d33840e2afc29128e2a456d425ca0d17b173c888af2db652b1d34fe6f93d?s=96&d=mm&r=g","height":96,"width":96}},"publisher":{"@type":"Organization","name":"stesol.cz","logo":{"@type":"ImageObject","@id":"\/logo.png","url":"\/logo.png","width":600,"height":60}},"image":{"@type":"ImageObject","@id":"https:\/\/www.stesol.cz\/wp-content\/uploads\/kabelka%20%C5%BEena.jpg","url":"https:\/\/www.stesol.cz\/wp-content\/uploads\/kabelka%20%C5%BEena.jpg","height":0,"width":0},"url":"https:\/\/www.stesol.cz\/jak-vybrat-pro-sebe-tu-spravnou-kabelku\/","about":["N\u00e1kupy"],"wordCount":445,"articleBody":"     Kabelky nos\u00ed ka\u017ed\u00e1 z n\u00e1s velmi r\u00e1da Dopl\u0148ky k na\u0161emu outfitu neodmysliteln\u011b pat\u0159\u00ed u\u017e od jak\u017eiva. Dod\u00e1vaj\u00ed n\u00e1m tu spr\u00e1vnou image a spole\u010dn\u011b s na\u0161im outfitem dotv\u00e1\u0159ej\u00ed n\u00e1\u0161 styl a osobnost. R\u00e1di nos\u00edme r\u016fzn\u00e9 p\u0159\u00edv\u011bsky, stylov\u00e9 n\u00e1u\u0161nice nebo r\u016fzn\u00e9 ozdoby do vlas\u016f. Kdy\u017e se chyst\u00e1me ven, do spole\u010dnosti nebo t\u0159eba jen do pr\u00e1ce, pravd\u011bpodobn\u011b nikdy doma nezapomeneme kabelku. Do svoj\u00ed kabelky d\u00e1v\u00e1me tak\u0159ka v\u0161e, co pot\u0159ebujeme m\u00edt v\u017edy po ruce. Mobil, pen\u011b\u017eenku, kl\u00ed\u010de, doklady, kapesn\u00ed\u010dky, malovan\u00ed a podobn\u011b. Podle toho, kolik toho pot\u0159ebujeme, takovou velikost kabelky zrovna zvol\u00edme. Snad \u017e\u00e1dn\u00e1 z n\u00e1s nem\u00e1 jenom jednu kabelku. V\u017edy vol\u00edme tu, kter\u00e1 se n\u00e1m zrovna hod\u00ed zvl\u00e1\u0161t\u011b k cel\u00e9mu outfitu a na danou p\u0159\u00edle\u017eitost. Na plesy vyb\u00edr\u00e1me mal\u00e9 kabelky, do kter\u00fdch d\u00e1v\u00e1me jenom p\u00e1r v\u011bci, zat\u00edmco do m\u011bsta s\u00e1hneme po vet\u0161\u00ed kabelce, do kter\u00e9 pot\u0159ebujeme d\u00e1t v\u00edce v\u011bc\u00ed. Kabelky m\u016f\u017eeme vyb\u00edrat i podle toho, jak\u00e9 maj\u00ed uchycen\u00ed. Existuj\u00ed kabelky p\u0159es rameno, s dlouh\u00fdm \u010di kr\u00e1tk\u00fdm poutkem anebo t\u0159eba jen do ruky.  Jeden typ kabelek se hod\u00ed pro ka\u017edou p\u0159\u00edle\u017eitost Kabelek je obrovsk\u00e9 mno\u017estv\u00ed a v\u017edy je vyb\u00edr\u00e1me aktu\u00e1ln\u011b podle sou\u010dasn\u00e9 m\u00f3dy, a proto chceme ka\u017edou chv\u00edli jinou, a\u010dkoli m\u00e1me pak n\u011bkolik podobn\u00fdch typ\u016f kabelek doma a nev\u00edme, po kter\u00e9 zrovna s\u00e1hnout. Kabelky z prav\u00e9 k\u016f\u017ee jsou samoz\u0159ejm\u011b nejdra\u017e\u0161\u00ed, ale existuji i jejich levn\u011bj\u0161\u00ed varianty. Ko\u017een\u00e1 \u010dern\u00e1 kabelka je velice elegantn\u00edm dopl\u0148kem a nej\u017e\u00e1dan\u011bj\u0161\u00ed variantou kabelky. Hod\u00ed se toti\u017e t\u00e9m\u011b\u0159 ke v\u0161emu a kdy\u017e nev\u00edte, kterou kabelku zvolit k va\u0161emu outfitu, \u010dernou barvou rozhodn\u011b nic nezkaz\u00edte. Pokud se rozhodnete vybrat ko\u017eenou \u010dernou kabelku, m\u016f\u017eete ji sladit i s dal\u0161\u00edmi dopl\u0148ky jako je t\u0159eba \u010dern\u00e1 pen\u011b\u017eenka. A nejenom \u017ee se \u010dern\u00e1 kabelka hod\u00ed snad ke v\u0161emu, hod\u00ed se i na r\u016fzn\u00e9 p\u0159\u00edle\u017eitosti. Zat\u00edmco t\u0159eba v\u00fdrazn\u00e1 \u010derven\u00e1 kabelka se nehod\u00ed do ka\u017ed\u00e9 spole\u010dnosti, \u010dernou kabelku si m\u016f\u017eete vz\u00edt jak na b\u011b\u017en\u00e9 p\u0159\u00edle\u017eitosti, tak t\u0159eba i na slavnostn\u011bj\u0161\u00ed ceremonie. Vyb\u00edrat m\u00e1te rozhodn\u011b z \u010deho, sta\u010d\u00ed se po n\u011bjak\u00e9 porozhl\u00e9dnout a ur\u010dit\u011b naleznete tu spr\u00e1vnou pro sebe.                                                                                                                                                                                                                                                                                                                                                                                                  "},{"@context":"https:\/\/schema.org\/","@type":"BreadcrumbList","itemListElement":[{"@type":"ListItem","position":1,"name":"Jak vybrat pro sebe tu spr\u00e1vnou kabelku","item":"https:\/\/www.stesol.cz\/jak-vybrat-pro-sebe-tu-spravnou-kabelku\/#breadcrumbitem"}]}]