[{"@context":"https:\/\/schema.org\/","@type":"Article","@id":"https:\/\/www.stesol.cz\/jak-si-doma-vytvorit-stylove-skandinavske-vanoce\/#Article","mainEntityOfPage":"https:\/\/www.stesol.cz\/jak-si-doma-vytvorit-stylove-skandinavske-vanoce\/","headline":"Jak si doma vytvo\u0159it stylov\u00e9 skandin\u00e1vsk\u00e9 V\u00e1noce","name":"Jak si doma vytvo\u0159it stylov\u00e9 skandin\u00e1vsk\u00e9 V\u00e1noce","description":"A\u010d se n\u00e1m m\u016f\u017ee zd\u00e1t, \u017ee je n\u00e1m tento styl velmi vzd\u00e1len\u00fd a m\u016f\u017ee b\u00fdt slo\u017eit\u00e9 si jej v\u00a0na\u0161ich podm\u00ednk\u00e1ch vytvo\u0159it, opak je pravdou.\u00a0 Za pomoc\u00ed p\u0159\u00edrodn\u00edch materi\u00e1l\u016f, sv\u00ed\u010dek, drobn\u00fdch &hellip; ","datePublished":"2025-03-08","dateModified":"2023-04-29","author":{"@type":"Person","@id":"https:\/\/www.stesol.cz\/author\/#Person","name":"","url":"https:\/\/www.stesol.cz\/author\/","identifier":1,"image":{"@type":"ImageObject","@id":"https:\/\/secure.gravatar.com\/avatar\/1aa4d33840e2afc29128e2a456d425ca0d17b173c888af2db652b1d34fe6f93d?s=96&d=mm&r=g","url":"https:\/\/secure.gravatar.com\/avatar\/1aa4d33840e2afc29128e2a456d425ca0d17b173c888af2db652b1d34fe6f93d?s=96&d=mm&r=g","height":96,"width":96}},"publisher":{"@type":"Organization","name":"stesol.cz","logo":{"@type":"ImageObject","@id":"\/logo.png","url":"\/logo.png","width":600,"height":60}},"image":{"@type":"ImageObject","@id":"https:\/\/www.stesol.cz\/wp-content\/uploads\/img_a332380_w2525_t1545214984.jpg","url":"https:\/\/www.stesol.cz\/wp-content\/uploads\/img_a332380_w2525_t1545214984.jpg","height":0,"width":0},"url":"https:\/\/www.stesol.cz\/jak-si-doma-vytvorit-stylove-skandinavske-vanoce\/","about":["D\u016fm a byt"],"wordCount":434,"articleBody":"A\u010d se n\u00e1m m\u016f\u017ee zd\u00e1t, \u017ee je n\u00e1m tento styl velmi vzd\u00e1len\u00fd a m\u016f\u017ee b\u00fdt slo\u017eit\u00e9 si jej v\u00a0na\u0161ich podm\u00ednk\u00e1ch vytvo\u0159it, opak je pravdou.\u00a0 Za pomoc\u00ed p\u0159\u00edrodn\u00edch materi\u00e1l\u016f, sv\u00ed\u010dek, drobn\u00fdch \u00faplet\u016f a um\u011bl\u00fdch ko\u017ee\u0161in prom\u011bn\u00edme na\u0161i klasickou v\u00e1no\u010dn\u00ed v\u00fdzdobu za zcela odli\u0161nou a origin\u00e1ln\u00ed.Nechte se inspirovat n\u00e1sleduj\u00edc\u00edmi tipy od odborn\u00edk\u016f jak si vpustit skandin\u00e1vsk\u00fd styl do sv\u00e9ho domova:\u00a01.\u00a0\u00a0\u00a0\u00a0\u00a0\u00a0 Podstatou v\u00fdzdoby jsou p\u0159\u00edrodn\u00ed materi\u00e1ly, ze kter\u00fdch jsou dekorace vytvo\u0159eny \u2013 d\u0159evo a pap\u00edr. Vpus\u0165te do sv\u00e9ho domova tradi\u010dn\u00ed skandin\u00e1vsk\u00e9 v\u00e1no\u010dn\u00ed motivy sob\u016f, hv\u011bzd a srdc\u00ed. Zakomponujte je do zelen\u00fdch girland, borovicov\u00fdch \u0161i\u0161ek a jehli\u010dnat\u00fdch v\u011btv\u00ed.\u00a02.\u00a0\u00a0\u00a0\u00a0\u00a0\u00a0 Z\u00e1kladn\u00ed barvou je b\u00edl\u00e1, kterou m\u016f\u017eeme doplnit p\u0159\u00edrodn\u00edm d\u0159evem. B\u00edlou barvu bychom m\u011bli zkombinovat pouze s\u00a0jednou barvou nap\u0159. \u010dervenou, sv\u011btle modrou nebo \u010dernou.\u00a03.\u00a0\u00a0\u00a0\u00a0\u00a0\u00a0 Vyhn\u011bte se p\u0159\u00edli\u0161n\u00e9 neutr\u00e1lnosti a dopl\u0148te v\u0161e barvami v\u00e1no\u010dn\u00edch pun\u010doch, d\u00e1rkov\u00fdch ta\u0161ek a pap\u00edrov\u00fdch v\u00e1no\u010dn\u00edch kuli\u010dek a hv\u011bzd.\u00a04.\u00a0\u00a0\u00a0\u00a0\u00a0\u00a0 Nezapom\u00ednejte na adventn\u00ed kalend\u00e1\u0159e, kter\u00e9 jsou ve Skandin\u00e1vii velmi popul\u00e1rn\u00ed. Zejm\u00e9na ty velk\u00fdch rozm\u011br\u016f pro d\u011bti i dosp\u011bl\u00e9, do kter\u00fdch m\u016f\u017eete um\u00edstit drobn\u00e9 d\u00e1rky \u2013 hra\u010dky, \u010dokol\u00e1dy, kosmetick\u00e9 v\u00fdrobky.\u00a05.\u00a0\u00a0\u00a0\u00a0\u00a0\u00a0 Zabalte d\u00e1rky do neutr\u00e1ln\u00edch hn\u011bd\u00fdch nebo \u010dernob\u00edl\u00fdch pap\u00edr\u016f a p\u0159eva\u017ete elegantn\u00ed stuhou.\u00a06.\u00a0\u00a0\u00a0\u00a0\u00a0\u00a0 Celou v\u00fdzdobu dopl\u0148te sv\u00ed\u010dkami \u010di blikaj\u00edc\u00edmi sv\u00edtidly v\u00a0b\u00edl\u00e9 barv\u011b. Rozsvi\u0165te Va\u0161e stoly, police a \u0159\u00edmsy a ozdobte je zelen\u00fdmi v\u011btvemi a zp\u0159\u00edjemn\u011bte si tak dlouh\u00e9 zimn\u00ed ve\u010dery.\u00a07.\u00a0\u00a0\u00a0\u00a0\u00a0\u00a0 Chladn\u00fd seversk\u00fd styl dopl\u0148te mno\u017estv\u00edm pl\u00e9d\u016f, ko\u017ee\u0161in a dek. Interi\u00e9r t\u00edm z\u00fatuln\u00edte a po p\u0159\u00edchodu z\u00a0proch\u00e1zky budete m\u00edt v\u017edy po ruce deku na zah\u0159\u00e1t\u00ed pro sebe a sv\u00e9 bl\u00edzk\u00e9.\u00a08.\u00a0\u00a0\u00a0\u00a0\u00a0\u00a0 Skandin\u00e1vsk\u00fd styl klade d\u016fraz na ekologii a obejde se tak klidn\u011b i bez strome\u010dku z\u00a0lesa. M\u016f\u017eete jej nahradit i strome\u010dkem v\u00a0kv\u011btin\u00e1\u010di a po V\u00e1noc\u00edch jej p\u0159esadit do zem\u011b nebo um\u011bl\u00fdm strome\u010dkem. Nemus\u00edte se tak\u00e9 vyh\u00fdbat strome\u010dku zcela neozdoben\u00e9mu.                                                                                                                                                                                                                                                                                                                                                                                        4.5\/5 - (11 votes)        "},{"@context":"https:\/\/schema.org\/","@type":"BreadcrumbList","itemListElement":[{"@type":"ListItem","position":1,"name":"Jak si doma vytvo\u0159it stylov\u00e9 skandin\u00e1vsk\u00e9 V\u00e1noce","item":"https:\/\/www.stesol.cz\/jak-si-doma-vytvorit-stylove-skandinavske-vanoce\/#breadcrumbitem"}]}]