[{"@context":"https:\/\/schema.org\/","@type":"Article","@id":"https:\/\/www.stesol.cz\/duse-i-telo\/#Article","mainEntityOfPage":"https:\/\/www.stesol.cz\/duse-i-telo\/","headline":"Du\u0161e i t\u011blo","name":"Du\u0161e i t\u011blo","description":"Tam, kde nen\u00ed m\u00edsto pro kulturu, nen\u00ed ani prostor pro rozvoj lidsk\u00e9ho ducha. Ztr\u00e1ta kultury je jedn\u00edm ze znak\u016f posledn\u00ed doba. Dnes je doba velmi usp\u011bchan\u00e1 a globalizovan\u00e1, co\u017e jsou &hellip; ","datePublished":"2025-07-01","dateModified":"2025-07-01","author":{"@type":"Person","@id":"https:\/\/www.stesol.cz\/author\/#Person","name":"","url":"https:\/\/www.stesol.cz\/author\/","identifier":1,"image":{"@type":"ImageObject","@id":"https:\/\/secure.gravatar.com\/avatar\/1aa4d33840e2afc29128e2a456d425ca0d17b173c888af2db652b1d34fe6f93d?s=96&d=mm&r=g","url":"https:\/\/secure.gravatar.com\/avatar\/1aa4d33840e2afc29128e2a456d425ca0d17b173c888af2db652b1d34fe6f93d?s=96&d=mm&r=g","height":96,"width":96}},"publisher":{"@type":"Organization","name":"stesol.cz","logo":{"@type":"ImageObject","@id":"\/logo.png","url":"\/logo.png","width":600,"height":60}},"image":{"@type":"ImageObject","@id":"https:\/\/www.stesol.cz\/wp-content\/uploads\/choir-5781096_640.jpg","url":"https:\/\/www.stesol.cz\/wp-content\/uploads\/choir-5781096_640.jpg","height":0,"width":0},"url":"https:\/\/www.stesol.cz\/duse-i-telo\/","about":["Podnik\u00e1n\u00ed"],"wordCount":408,"articleBody":"        Tam, kde nen\u00ed m\u00edsto pro kulturu, nen\u00ed ani prostor pro rozvoj lidsk\u00e9ho ducha. Ztr\u00e1ta kultury je jedn\u00edm ze znak\u016f posledn\u00ed doba. Dnes je doba velmi usp\u011bchan\u00e1 a globalizovan\u00e1, co\u017e jsou p\u0159esn\u011b dva aspekty, kter\u00e9 kultu\u0159e velmi \u0161kod\u00ed. Vlastn\u011b ani jeden z nich nen\u00ed ve sv\u00e9 podstat\u011b dobr\u00fd ani zl\u00fd, ale v\u0161echno m\u00e1 svou rubovou a l\u00edcovou stranu. To, \u017ee je dne\u0161n\u00ed sv\u011bt takto globalizovan\u00fd n\u00e1m p\u0159ineslo takov\u00e9 mo\u017enosti, o kter\u00fdch se n\u00e1m d\u0159\u00edve ani nesnilo. Najednou m\u016f\u017eeme cestovat, jak se n\u00e1m zl\u00edb\u00ed, a p\u0159itom se ve v\u011bt\u0161in\u011b sv\u011bta domluv\u00edme pohodln\u011b jedn\u00edm jazykem. M\u00e1me mo\u017enost d\u00e1t si ke sn\u00eddani ananas a pop\u00edjet k tomu kokosovou vodu. Ve\u010de\u0159i si pak m\u016f\u017eeme zpest\u0159it t\u0159eba \u017eralo\u010d\u00ed ploutv\u00ed a j\u00eddlo dochutit pravou s\u00f3jovou om\u00e1\u010dkou. Vedle tohoto v\u0161eho n\u00e1s ale globalizace vedla t\u0159eba i k tomu, abychom se vzdali ur\u010dit\u00e9 \u010d\u00e1sti sebe sama. Jsme zvykl\u00ed vyu\u017e\u00edvat v\u0161echny mo\u017en\u00e9 suroviny, ale sv\u00e9 tradi\u010dn\u00ed recepty, kter\u00e9 by se uchov\u00e1valy po generace ji\u017e nevytv\u00e1\u0159\u00edme. A nejde jen o j\u00eddlo, to sam\u00e9 plat\u00ed v hudb\u011b, u obraz\u016f nebo t\u0159eba v architektu\u0159e. To, \u017ee je dne\u0161n\u00ed doba usp\u011bchan\u00e1 asi pozitivum nem\u00e1. Je pro n\u00e1s n\u00e1ro\u010dn\u00e9 udr\u017eet krok s t\u00edm, co se kolem n\u00e1s neust\u00e1le d\u011bje. Je to vy\u010derp\u00e1vaj\u00edc\u00ed, tak\u017ee je pro n\u00e1s z\u00e1sadn\u00ed pokr\u00fdt nezbytn\u00e9 pot\u0159eby jako je j\u00eddlo, pit\u00ed, oble\u010den\u00ed a pr\u00e1ce, p\u0159\u00e1tel\u00e9. Na v\u0161echno ostatn\u00ed p\u0159ijde \u0159ada, jen pokud zbude \u010das, a ten mnohdy nez\u016fst\u00e1v\u00e1 nazbyt. Kultura je p\u0159itom n\u011bco absolutn\u011b z\u00e1sadn\u00edho, co tvo\u0159\u00ed velkou \u010d\u00e1st na\u0161\u00ed podstaty. Proto je taky tak nezbytn\u011b nutn\u00e9 p\u0159ibli\u017eovat sv\u00e9 potomky ke kultu\u0159e ji\u017e od d\u011btstv\u00ed. Lid\u00e9, kte\u0159\u00ed jsou vychov\u00e1v\u00e1ni kulturn\u011b maj\u00ed v\u011bt\u0161\u00ed tendenci se ve chv\u00edl\u00edch volna ke kultu\u0159e vracet. Stejn\u011b jako v\u0161ude jinde, i tady plat\u00ed, \u017ee co se v ml\u00e1d\u00ed nau\u010d\u00ed\u0161, ve st\u00e1\u0159\u00ed jako kdy\u017e najde\u0161. Proto t\u0159eba m\u00edsto rodinn\u00e9ho v\u00fdletu do n\u00e1kupn\u00edho centra budou mnohem cenn\u011bj\u0161\u00ed l\u00edstky na koncert v\u00e1\u017en\u00e9 hudby Praha.                                                                                                                                                                                                                                                                                                                                                                                          3.9\/5 - (9 votes)        "},{"@context":"https:\/\/schema.org\/","@type":"BreadcrumbList","itemListElement":[{"@type":"ListItem","position":1,"name":"Du\u0161e i t\u011blo","item":"https:\/\/www.stesol.cz\/duse-i-telo\/#breadcrumbitem"}]}]