[{"@context":"https:\/\/schema.org\/","@type":"Blog","@id":"https:\/\/www.stesol.cz#Blog","headline":"Stesol","description":"\nVa\u0159\u00edte r\u00e1di, ale u v\u00e1s doma to nen\u00ed pr\u00e1v\u011b ono? Pak m\u016f\u017ee b\u00fdt na vin\u011b i nespr\u00e1vn\u011b zvolen\u00e1 kuchyn\u011b. Necht\u011bli byste vym\u011bnit jej\u00ed za\u0159\u00edzen\u00ed? V\u00edme, jak.","url":"https:\/\/www.stesol.cz","hasPart":[{"@type":"Article","@id":"https:\/\/www.stesol.cz\/s-hlodavci-nejsou-zerty\/","headline":"S hlodavci nejsou \u017eerty","url":"https:\/\/www.stesol.cz\/s-hlodavci-nejsou-zerty\/","datePublished":"2025-07-14","dateModified":"2025-07-14","mainEntityOfPage":"https:\/\/www.stesol.cz\/s-hlodavci-nejsou-zerty\/","author":{"@type":"Person","@id":"https:\/\/www.stesol.cz\/author\/#Person","name":"","url":"https:\/\/www.stesol.cz\/author\/","identifier":1,"image":{"@type":"ImageObject","@id":"https:\/\/secure.gravatar.com\/avatar\/1aa4d33840e2afc29128e2a456d425ca0d17b173c888af2db652b1d34fe6f93d?s=96&d=mm&r=g","url":"https:\/\/secure.gravatar.com\/avatar\/1aa4d33840e2afc29128e2a456d425ca0d17b173c888af2db652b1d34fe6f93d?s=96&d=mm&r=g","height":96,"width":96}},"publisher":{"@type":"Organization","name":"stesol.cz","logo":{"@type":"ImageObject","@id":"\/logo.png","url":"\/logo.png","width":600,"height":60}},"image":{"@type":"ImageObject","@id":"https:\/\/www.stesol.cz\/wp-content\/uploads\/mmmm_10_6.jpg","url":"https:\/\/www.stesol.cz\/wp-content\/uploads\/mmmm_10_6.jpg","height":0,"width":0},"wordCount":612,"keywords":null},{"@type":"Article","@id":"https:\/\/www.stesol.cz\/duse-i-telo\/","headline":"Du\u0161e i t\u011blo","url":"https:\/\/www.stesol.cz\/duse-i-telo\/","datePublished":"2025-07-01","dateModified":"2025-07-01","mainEntityOfPage":"https:\/\/www.stesol.cz\/duse-i-telo\/","author":{"@type":"Person","@id":"https:\/\/www.stesol.cz\/author\/#Person","name":"","url":"https:\/\/www.stesol.cz\/author\/","identifier":1,"image":{"@type":"ImageObject","@id":"https:\/\/secure.gravatar.com\/avatar\/1aa4d33840e2afc29128e2a456d425ca0d17b173c888af2db652b1d34fe6f93d?s=96&d=mm&r=g","url":"https:\/\/secure.gravatar.com\/avatar\/1aa4d33840e2afc29128e2a456d425ca0d17b173c888af2db652b1d34fe6f93d?s=96&d=mm&r=g","height":96,"width":96}},"publisher":{"@type":"Organization","name":"stesol.cz","logo":{"@type":"ImageObject","@id":"\/logo.png","url":"\/logo.png","width":600,"height":60}},"image":{"@type":"ImageObject","@id":"https:\/\/www.stesol.cz\/wp-content\/uploads\/choir-5781096_640.jpg","url":"https:\/\/www.stesol.cz\/wp-content\/uploads\/choir-5781096_640.jpg","height":0,"width":0},"wordCount":558,"keywords":null},{"@type":"Article","@id":"https:\/\/www.stesol.cz\/je-duvod-premyslet-o-prestavbe-lpg\/","headline":"Je d\u016fvod p\u0159em\u00fd\u0161let o p\u0159estavb\u011b LPG","url":"https:\/\/www.stesol.cz\/je-duvod-premyslet-o-prestavbe-lpg\/","datePublished":"2025-06-01","dateModified":"2025-06-01","mainEntityOfPage":"https:\/\/www.stesol.cz\/je-duvod-premyslet-o-prestavbe-lpg\/","author":{"@type":"Person","@id":"https:\/\/www.stesol.cz\/author\/#Person","name":"","url":"https:\/\/www.stesol.cz\/author\/","identifier":1,"image":{"@type":"ImageObject","@id":"https:\/\/secure.gravatar.com\/avatar\/1aa4d33840e2afc29128e2a456d425ca0d17b173c888af2db652b1d34fe6f93d?s=96&d=mm&r=g","url":"https:\/\/secure.gravatar.com\/avatar\/1aa4d33840e2afc29128e2a456d425ca0d17b173c888af2db652b1d34fe6f93d?s=96&d=mm&r=g","height":96,"width":96}},"publisher":{"@type":"Organization","name":"stesol.cz","logo":{"@type":"ImageObject","@id":"\/logo.png","url":"\/logo.png","width":600,"height":60}},"image":{"@type":"ImageObject","@id":"https:\/\/www.stesol.cz\/wp-content\/uploads\/plyn%20a%20auto.jpg","url":"https:\/\/www.stesol.cz\/wp-content\/uploads\/plyn%20a%20auto.jpg","height":0,"width":0},"wordCount":637,"keywords":null},{"@type":"Article","@id":"https:\/\/www.stesol.cz\/mejte-doma-luxusni-zavesy\/","headline":"M\u011bjte doma luxusn\u00ed z\u00e1v\u011bsy","url":"https:\/\/www.stesol.cz\/mejte-doma-luxusni-zavesy\/","datePublished":"2025-04-24","dateModified":"2025-04-24","mainEntityOfPage":"https:\/\/www.stesol.cz\/mejte-doma-luxusni-zavesy\/","author":{"@type":"Person","@id":"https:\/\/www.stesol.cz\/author\/#Person","name":"","url":"https:\/\/www.stesol.cz\/author\/","identifier":1,"image":{"@type":"ImageObject","@id":"https:\/\/secure.gravatar.com\/avatar\/1aa4d33840e2afc29128e2a456d425ca0d17b173c888af2db652b1d34fe6f93d?s=96&d=mm&r=g","url":"https:\/\/secure.gravatar.com\/avatar\/1aa4d33840e2afc29128e2a456d425ca0d17b173c888af2db652b1d34fe6f93d?s=96&d=mm&r=g","height":96,"width":96}},"publisher":{"@type":"Organization","name":"stesol.cz","logo":{"@type":"ImageObject","@id":"\/logo.png","url":"\/logo.png","width":600,"height":60}},"image":null,"wordCount":231,"keywords":null},{"@type":"Article","@id":"https:\/\/www.stesol.cz\/garantujeme-ze-se-diky-nam-dobre-vyspite\/","headline":"Garantujeme, \u017ee se d\u00edky n\u00e1m dob\u0159e vysp\u00edte","url":"https:\/\/www.stesol.cz\/garantujeme-ze-se-diky-nam-dobre-vyspite\/","datePublished":"2025-04-18","dateModified":"2025-04-18","mainEntityOfPage":"https:\/\/www.stesol.cz\/garantujeme-ze-se-diky-nam-dobre-vyspite\/","author":{"@type":"Person","@id":"https:\/\/www.stesol.cz\/author\/#Person","name":"","url":"https:\/\/www.stesol.cz\/author\/","identifier":1,"image":{"@type":"ImageObject","@id":"https:\/\/secure.gravatar.com\/avatar\/1aa4d33840e2afc29128e2a456d425ca0d17b173c888af2db652b1d34fe6f93d?s=96&d=mm&r=g","url":"https:\/\/secure.gravatar.com\/avatar\/1aa4d33840e2afc29128e2a456d425ca0d17b173c888af2db652b1d34fe6f93d?s=96&d=mm&r=g","height":96,"width":96}},"publisher":{"@type":"Organization","name":"stesol.cz","logo":{"@type":"ImageObject","@id":"\/logo.png","url":"\/logo.png","width":600,"height":60}},"image":null,"wordCount":210,"keywords":null},{"@type":"Article","@id":"https:\/\/www.stesol.cz\/orient-shop\/","headline":"Orient shop","url":"https:\/\/www.stesol.cz\/orient-shop\/","datePublished":"2025-04-13","dateModified":"2025-04-13","mainEntityOfPage":"https:\/\/www.stesol.cz\/orient-shop\/","author":{"@type":"Person","@id":"https:\/\/www.stesol.cz\/author\/#Person","name":"","url":"https:\/\/www.stesol.cz\/author\/","identifier":1,"image":{"@type":"ImageObject","@id":"https:\/\/secure.gravatar.com\/avatar\/1aa4d33840e2afc29128e2a456d425ca0d17b173c888af2db652b1d34fe6f93d?s=96&d=mm&r=g","url":"https:\/\/secure.gravatar.com\/avatar\/1aa4d33840e2afc29128e2a456d425ca0d17b173c888af2db652b1d34fe6f93d?s=96&d=mm&r=g","height":96,"width":96}},"publisher":{"@type":"Organization","name":"stesol.cz","logo":{"@type":"ImageObject","@id":"\/logo.png","url":"\/logo.png","width":600,"height":60}},"image":null,"wordCount":249,"keywords":null},{"@type":"Article","@id":"https:\/\/www.stesol.cz\/mravenci-jako-nepratele\/","headline":"Mravenci jako nep\u0159\u00e1tel\u00e9","url":"https:\/\/www.stesol.cz\/mravenci-jako-nepratele\/","datePublished":"2025-04-12","dateModified":"2025-04-12","mainEntityOfPage":"https:\/\/www.stesol.cz\/mravenci-jako-nepratele\/","author":{"@type":"Person","@id":"https:\/\/www.stesol.cz\/author\/#Person","name":"","url":"https:\/\/www.stesol.cz\/author\/","identifier":1,"image":{"@type":"ImageObject","@id":"https:\/\/secure.gravatar.com\/avatar\/1aa4d33840e2afc29128e2a456d425ca0d17b173c888af2db652b1d34fe6f93d?s=96&d=mm&r=g","url":"https:\/\/secure.gravatar.com\/avatar\/1aa4d33840e2afc29128e2a456d425ca0d17b173c888af2db652b1d34fe6f93d?s=96&d=mm&r=g","height":96,"width":96}},"publisher":{"@type":"Organization","name":"stesol.cz","logo":{"@type":"ImageObject","@id":"\/logo.png","url":"\/logo.png","width":600,"height":60}},"image":{"@type":"ImageObject","@id":"https:\/\/www.stesol.cz\/wp-content\/uploads\/ants-2579731_640.jpg","url":"https:\/\/www.stesol.cz\/wp-content\/uploads\/ants-2579731_640.jpg","height":0,"width":0},"wordCount":612,"keywords":null},{"@type":"Article","@id":"https:\/\/www.stesol.cz\/chcete-skvele-usetrit\/","headline":"Chcete skv\u011ble u\u0161et\u0159it?","url":"https:\/\/www.stesol.cz\/chcete-skvele-usetrit\/","datePublished":"2025-04-03","dateModified":"2025-04-03","mainEntityOfPage":"https:\/\/www.stesol.cz\/chcete-skvele-usetrit\/","author":{"@type":"Person","@id":"https:\/\/www.stesol.cz\/author\/#Person","name":"","url":"https:\/\/www.stesol.cz\/author\/","identifier":1,"image":{"@type":"ImageObject","@id":"https:\/\/secure.gravatar.com\/avatar\/1aa4d33840e2afc29128e2a456d425ca0d17b173c888af2db652b1d34fe6f93d?s=96&d=mm&r=g","url":"https:\/\/secure.gravatar.com\/avatar\/1aa4d33840e2afc29128e2a456d425ca0d17b173c888af2db652b1d34fe6f93d?s=96&d=mm&r=g","height":96,"width":96}},"publisher":{"@type":"Organization","name":"stesol.cz","logo":{"@type":"ImageObject","@id":"\/logo.png","url":"\/logo.png","width":600,"height":60}},"image":null,"wordCount":243,"keywords":null},{"@type":"Article","@id":"https:\/\/www.stesol.cz\/dovolena-na-lipne-s-pronajatym-vozem\/","headline":"Dovolen\u00e1 na Lipn\u011b s pronajat\u00fdm vozem","url":"https:\/\/www.stesol.cz\/dovolena-na-lipne-s-pronajatym-vozem\/","datePublished":"2025-04-02","dateModified":"2025-04-02","mainEntityOfPage":"https:\/\/www.stesol.cz\/dovolena-na-lipne-s-pronajatym-vozem\/","author":{"@type":"Person","@id":"https:\/\/www.stesol.cz\/author\/#Person","name":"","url":"https:\/\/www.stesol.cz\/author\/","identifier":1,"image":{"@type":"ImageObject","@id":"https:\/\/secure.gravatar.com\/avatar\/1aa4d33840e2afc29128e2a456d425ca0d17b173c888af2db652b1d34fe6f93d?s=96&d=mm&r=g","url":"https:\/\/secure.gravatar.com\/avatar\/1aa4d33840e2afc29128e2a456d425ca0d17b173c888af2db652b1d34fe6f93d?s=96&d=mm&r=g","height":96,"width":96}},"publisher":{"@type":"Organization","name":"stesol.cz","logo":{"@type":"ImageObject","@id":"\/logo.png","url":"\/logo.png","width":600,"height":60}},"image":{"@type":"ImageObject","@id":"https:\/\/www.stesol.cz\/wp-content\/uploads\/june-5191797_640_10_7.jpg","url":"https:\/\/www.stesol.cz\/wp-content\/uploads\/june-5191797_640_10_7.jpg","height":0,"width":0},"wordCount":598,"keywords":null},{"@type":"Article","@id":"https:\/\/www.stesol.cz\/jak-muzeme-vyuzit-zrnkovou-kavu\/","headline":"Jak m\u016f\u017eeme vyu\u017e\u00edt zrnkovou k\u00e1vu?","url":"https:\/\/www.stesol.cz\/jak-muzeme-vyuzit-zrnkovou-kavu\/","datePublished":"2025-03-29","dateModified":"2025-03-29","mainEntityOfPage":"https:\/\/www.stesol.cz\/jak-muzeme-vyuzit-zrnkovou-kavu\/","author":{"@type":"Person","@id":"https:\/\/www.stesol.cz\/author\/#Person","name":"","url":"https:\/\/www.stesol.cz\/author\/","identifier":1,"image":{"@type":"ImageObject","@id":"https:\/\/secure.gravatar.com\/avatar\/1aa4d33840e2afc29128e2a456d425ca0d17b173c888af2db652b1d34fe6f93d?s=96&d=mm&r=g","url":"https:\/\/secure.gravatar.com\/avatar\/1aa4d33840e2afc29128e2a456d425ca0d17b173c888af2db652b1d34fe6f93d?s=96&d=mm&r=g","height":96,"width":96}},"publisher":{"@type":"Organization","name":"stesol.cz","logo":{"@type":"ImageObject","@id":"\/logo.png","url":"\/logo.png","width":600,"height":60}},"image":{"@type":"ImageObject","@id":"https:\/\/www.stesol.cz\/wp-content\/uploads\/sergey-kotenev-Qx_S2YE5I1o-unsplash.jpg","url":"https:\/\/www.stesol.cz\/wp-content\/uploads\/sergey-kotenev-Qx_S2YE5I1o-unsplash.jpg","height":0,"width":0},"wordCount":624,"keywords":null}]},{"@context":"https:\/\/schema.org","@type":"WebSite","@id":"https:\/\/www.stesol.cz\/#website","name":"Stesol","url":"https:\/\/www.stesol.cz","potentialAction":{"@type":"SearchAction","target":"https:\/\/www.stesol.cz\/?s={search_term_string}","query-input":"required name=search_term_string"}}]